{"id":5835,"date":"2020-11-01T20:56:13","date_gmt":"2020-11-01T17:56:13","guid":{"rendered":"https:\/\/xtdeco.ro\/blog\/?p=5835"},"modified":"2020-11-01T20:56:16","modified_gmt":"2020-11-01T17:56:16","slug":"cum-combini-culorile-in-living-solutii-pentru-pereti-daca-mobila-este-in-nuante-neutre","status":"publish","type":"post","link":"https:\/\/xtdeco.ro\/blog\/cum-combini-culorile-in-living-solutii-pentru-pereti-daca-mobila-este-in-nuante-neutre\/","title":{"rendered":"Cum combini culorile \u00een living. Solu\u021bii pentru pere\u021bi, dac\u0103 mobila este \u00een nuan\u021be neutre"},"content":{"rendered":"\n<p>Mobila de living \u00een nuan\u021be neutre este alegerea pe care o fac cei mai mul\u021bi dintre noi atunci c\u00e2nd se ajunge la capitolul \u201eamenajare\u201d sau \u201ereamenajare\u201d. \u0218i p\u00e2n\u0103 la urm\u0103 este decizia cea mai bun\u0103 din mai multe considerente: mobila \u00een culori neutre poate fi integrat\u0103 \u00een orice decor, \u201easortat\u0103\u201d cu o palet\u0103 variat\u0103 de culori pe care le vrei \u00een living, astfel c\u0103 vei putea s\u0103 r\u0103m\u00e2i cu ea \u00een cas\u0103 mul\u021bi ani \u0219i va r\u0103m\u00e2ne mereu la mod\u0103, iar bugetul t\u0103u este \u00een siguran\u021b\u0103.<\/p>\n\n\n\n<p>\u00cens\u0103 un living decorat \u00een totalitate \u00een nuan\u021be neutre va p\u0103rea tern \u0219i plictisitor, motiv pentru care ar fi ideal s\u0103 introduci \u00een \u201epeisaj\u201d culori pe care s\u0103 le combini \u00een a\u0219a fel \u00eenc\u00e2t s\u0103 creezi un decor elegant \u0219i aerisit \u00een cea mai vizibil\u0103 \u00eenc\u0103pere a casei.<\/p>\n\n\n\n<p>\u00cen continuare \u00ee\u021bi vom da c\u00e2teva sugestii \u00een ceea ce prive\u0219te <a href=\"https:\/\/xtdeco.ro\/blog\/cum-amenajezi-un-living-clasic-idei-de-design-si-mobila-potrivita\/\"><strong>amenajarea unui living<\/strong><\/a><strong> <\/strong>\u00een care ai deja o mobil\u0103 \u00een nuan\u021be neutre, p\u0103m\u00e2ntii, \u00ee\u021bi vom spune ce culori se potrivesc, cum s\u0103 le combini, ce trucuri de design po\u021bi s\u0103 aplici pentru a ob\u021bine un decor special \u0219i \u00een trend.<\/p>\n\n\n\n<h2 id=\"culorile-anului-2020-in-decoratiuni-interioare\">Culorile anului 2020 \u00een decora\u021biuni interioare<\/h2>\n\n\n\n<p>Evident, atunci c\u00e2nd e\u0219ti \u00een situa\u021bia de a reamenaja, vrei s\u0103 fii \u00een ton cu ultimele trenduri, iar asta \u00eencepe cu includerea \u00een design a culorilor \u201ecare se poart\u0103\u201d la un moment dat. Dac\u0103 e\u0219ti \u00een lips\u0103 de inspira\u021bie sau \u00ee\u021bi este greu s\u0103 iei o decizie, noi \u00ee\u021bi spunem care sunt <a href=\"https:\/\/xtdeco.ro\/blog\/culori-la-moda-in-2020-pentru-dormitorul-tau-ce-spun-cele-mai-noi-tendinte\/\"><strong>culorile momentului<\/strong><\/a> \u00een materie de design interior.&nbsp;<\/p>\n\n\n\n<p>Pentru 2020, Institutul Pantone, autoritatea interna\u021bional\u0103 de standardizare a culorilor, a desemnat albastrul (classic blue) culoarea anului. Vestea bun\u0103 este c\u0103 albastrul se \u00eencadreaz\u0103 frumos \u00een orice \u00eenc\u0103pere, chiar \u0219i \u00een una cu mobilier \u00een nuan\u021be neutre. Po\u021bi crea un perete accent \u00een living de aceast\u0103 culoare sau s\u0103 alegi o canapea albastr\u0103, dar \u0219i accesorii sau elemente de decor, cum ar fi un covor sau un tablou.&nbsp;<\/p>\n\n\n\n<p>\u00cens\u0103 albastrul este una din op\u021biuni, pentru c\u0103 speciali\u0219tii \u00een design interior au desemnat drept \u201ec\u00e2\u0219tig\u0103toare\u201d \u00een 2020 \u0219i alte culori, astfel c\u0103 oricine, indiferent de preferin\u021be, poate fi \u00een pas cu moda. Astfel, galbenul, portocaliul, nuan\u021bele de roz \u0219i mov, dar \u0219i verdele ment\u0103 sunt culori utilizate acum \u00een amenaj\u0103ri interioare.<\/p>\n\n\n\n<p>Pentru livingul t\u0103u cu mobilier neutru \u00ee\u021bi recomand\u0103m s\u0103 alegi culori mai vizibile. Galbenul, spre exemplu, va completa destul de bine decorul, \u00eens\u0103 camera nu va ie\u0219i cu nimic \u00een eviden\u021b\u0103.&nbsp;<\/p>\n\n\n\n<h2 id=\"cum-alegi-culoarea-peretilor-in-living-daca-vrei-mobilier-in-nuante-neutre-de-bej-crem-sau-maro\">Cum alegi culoarea pere\u021bilor \u00een living dac\u0103 vrei mobilier \u00een nuan\u021be neutre, de bej, crem sau maro<\/h2>\n\n\n\n<p>A\u0219a cum spuneam \u0219i la \u00eenceput, dac\u0103 ai sau vrei s\u0103 cumperi pentru living mobilier \u00een nuan\u021be neutre de bej, crem sau maro, ai f\u0103cut o alegere foarte bun\u0103, pentru c\u0103 \u00ee\u021bi deschizi foarte mult op\u021biunile de decor. \u00cen ceea ce prive\u0219te culoarea pere\u021bilor, variantele sunt multiple. Po\u021bi alege aproape orice culoare din cele care se poart\u0103 \u00een 2020, \u00eens\u0103, este posibil ca preferin\u021bele tale s\u0103 fie altele \u0219i atunci ai nevoie \u0219i de alte sugestii.&nbsp;<\/p>\n\n\n\n<p>Nuan\u021bele deschise de albastru se potrivesc de minune cu mobilierul \u00een nuan\u021be neutre. Iar imaginea al\u0103turat\u0103, \u00een care pere\u021bii sunt amenaja\u021bi cu un <a href=\"https:\/\/xtdeco.ro\/tapet\"><strong>tapet<\/strong><\/a> albastru, iar \u00een camer\u0103 se afla o m\u0103su\u021b\u0103 de cafea de culoarea lemnului, este un exemplu c\u00e2t se poate de bun \u00een acest sens.<\/p>\n\n\n\n<figure class=\"wp-block-image size-large\"><img loading=\"lazy\" width=\"1024\" height=\"1024\" src=\"https:\/\/xtdeco.ro\/blog\/wp-content\/uploads\/2020\/11\/culori-living-tapet-blend-1024x1024.jpg\" alt=\"Perete cu tapet albastru in fata caruia de afla un fotoliu albastru deschis si o masa de cafea de culoarea lemnului cu o vaza si floare albastra\" class=\"wp-image-5837\" srcset=\"https:\/\/xtdeco.ro\/blog\/wp-content\/uploads\/2020\/11\/culori-living-tapet-blend-1024x1024.jpg 1024w, https:\/\/xtdeco.ro\/blog\/wp-content\/uploads\/2020\/11\/culori-living-tapet-blend-300x300.jpg 300w, https:\/\/xtdeco.ro\/blog\/wp-content\/uploads\/2020\/11\/culori-living-tapet-blend-150x150.jpg 150w, https:\/\/xtdeco.ro\/blog\/wp-content\/uploads\/2020\/11\/culori-living-tapet-blend-768x768.jpg 768w, https:\/\/xtdeco.ro\/blog\/wp-content\/uploads\/2020\/11\/culori-living-tapet-blend-500x500.jpg 500w, https:\/\/xtdeco.ro\/blog\/wp-content\/uploads\/2020\/11\/culori-living-tapet-blend-400x400.jpg 400w, https:\/\/xtdeco.ro\/blog\/wp-content\/uploads\/2020\/11\/culori-living-tapet-blend-100x100.jpg 100w, https:\/\/xtdeco.ro\/blog\/wp-content\/uploads\/2020\/11\/culori-living-tapet-blend.jpg 1200w\" sizes=\"(max-width: 1024px) 100vw, 1024px\" \/><figcaption><a href=\"https:\/\/xtdeco.ro\/tapet\/tapet-living\/tapet-eijffinger-blend-363042\"><strong><em>Tapet lavabil Blend<\/em><\/strong><\/a><em>, cu nuan\u021be deschise de albastru, ideal pentru amenajarea unui living \u00een pas cu trendurile<\/em><\/figcaption><\/figure>\n\n\n\n<p>Pere\u021bii care includ rozul completeaz\u0103 foarte frumos decorul \u00eentr-un living cu mobilier \u00een nuan\u021be de p\u0103m\u00e2nt.<\/p>\n\n\n\n<figure class=\"wp-block-image size-large\"><img loading=\"lazy\" width=\"1024\" height=\"1024\" src=\"https:\/\/xtdeco.ro\/blog\/wp-content\/uploads\/2020\/11\/culori-living-tapet-william-1024x1024.jpg\" alt=\"Perete cu tapet cu benzi albe si roz intr-un living cu masa si scaune, trei tablouri, lumanari si o vasa cu floare pe masa\" class=\"wp-image-5838\" srcset=\"https:\/\/xtdeco.ro\/blog\/wp-content\/uploads\/2020\/11\/culori-living-tapet-william-1024x1024.jpg 1024w, https:\/\/xtdeco.ro\/blog\/wp-content\/uploads\/2020\/11\/culori-living-tapet-william-300x300.jpg 300w, https:\/\/xtdeco.ro\/blog\/wp-content\/uploads\/2020\/11\/culori-living-tapet-william-150x150.jpg 150w, https:\/\/xtdeco.ro\/blog\/wp-content\/uploads\/2020\/11\/culori-living-tapet-william-768x768.jpg 768w, https:\/\/xtdeco.ro\/blog\/wp-content\/uploads\/2020\/11\/culori-living-tapet-william-500x500.jpg 500w, https:\/\/xtdeco.ro\/blog\/wp-content\/uploads\/2020\/11\/culori-living-tapet-william-400x400.jpg 400w, https:\/\/xtdeco.ro\/blog\/wp-content\/uploads\/2020\/11\/culori-living-tapet-william-100x100.jpg 100w, https:\/\/xtdeco.ro\/blog\/wp-content\/uploads\/2020\/11\/culori-living-tapet-william.jpg 1200w\" sizes=\"(max-width: 1024px) 100vw, 1024px\" \/><figcaption><a href=\"https:\/\/xtdeco.ro\/tapet\/tapet-hol\/tapet-lavabil-william-526-00-sandberg-5-3mp-rola\"><strong><em>Tapel William<\/em><\/strong><\/a><em>, din colec\u021bia XT Deco, cu benzi verticale albe \u0219i roz, pentru un living modern<\/em><\/figcaption><\/figure>\n\n\n\n<p>\u00cens\u0103 mobilierul \u00een culori neutre se potrive\u0219te de minune \u0219i cu clasicul gri, o culoare la care designerii apeleaz\u0103 frecvent, indiferent de trenduri, tocmai pentru c\u0103 este foarte versatil\u0103 \u0219i merge \u00een tot felul de combina\u021bii.<\/p>\n\n\n\n<figure class=\"wp-block-image size-large\"><img loading=\"lazy\" width=\"1024\" height=\"1024\" src=\"https:\/\/xtdeco.ro\/blog\/wp-content\/uploads\/2020\/11\/culori-living-tapet-dromstingen-1024x1024.jpg\" alt=\"Perete cu tapet alb cu gri in fata caruia se afla o bancheta din lemn cu perna decorativa, floarea si o cana\" class=\"wp-image-5839\" srcset=\"https:\/\/xtdeco.ro\/blog\/wp-content\/uploads\/2020\/11\/culori-living-tapet-dromstingen-1024x1024.jpg 1024w, https:\/\/xtdeco.ro\/blog\/wp-content\/uploads\/2020\/11\/culori-living-tapet-dromstingen-300x300.jpg 300w, https:\/\/xtdeco.ro\/blog\/wp-content\/uploads\/2020\/11\/culori-living-tapet-dromstingen-150x150.jpg 150w, https:\/\/xtdeco.ro\/blog\/wp-content\/uploads\/2020\/11\/culori-living-tapet-dromstingen-768x768.jpg 768w, https:\/\/xtdeco.ro\/blog\/wp-content\/uploads\/2020\/11\/culori-living-tapet-dromstingen-500x500.jpg 500w, https:\/\/xtdeco.ro\/blog\/wp-content\/uploads\/2020\/11\/culori-living-tapet-dromstingen-400x400.jpg 400w, https:\/\/xtdeco.ro\/blog\/wp-content\/uploads\/2020\/11\/culori-living-tapet-dromstingen-100x100.jpg 100w, https:\/\/xtdeco.ro\/blog\/wp-content\/uploads\/2020\/11\/culori-living-tapet-dromstingen.jpg 1200w\" sizes=\"(max-width: 1024px) 100vw, 1024px\" \/><figcaption><a href=\"https:\/\/xtdeco.ro\/tapet\/tapet-living\/tapet-lavabil-dr%C3%B6mstigen-597-sandberg-5-3mp-rola\"><strong><em>Tapet lavabil Dromstingen<\/em><\/strong><\/a><em>, \u00een care este combinat albul cu diverse tonuri de gri, care completeaz\u0103 ideal decorul \u00eentr-un living cu mobilier \u00een nuan\u021be neutre<\/em><\/figcaption><\/figure>\n\n\n\n<h2 id=\"combinatii-de-culori-si-pereti-accent-intr-un-living-cu-mobila-in-nuante-pamantii\">Combina\u021bii de culori \u0219i pere\u021bi accent \u00eentr-un living cu mobil\u0103 \u00een nuan\u021be p\u0103m\u00e2ntii<\/h2>\n\n\n\n<p>Un living cu mobilier \u00een nuan\u021be neutre, p\u0103m\u00e2ntii, poate fi \u201eadus la via\u021b\u0103\u201d fie prin folosirea unui tapet care s\u0103 includ\u0103 culori, a\u0219a cum ai v\u0103zut mai sus, \u00eens\u0103, dac\u0103 preferi pere\u021bi uni, albi sau bej, po\u021bi crea un perete accent, \u00een culori mai tari sau cu texturi deosebite. Partea bun\u0103 la acest artificiu de design este c\u0103 \u00ee\u021bi las\u0103 libertatea s\u0103 alegi cam orice &#8211; ideea de baz\u0103 este s\u0103 realizezi un contrast, care s\u0103 \u00ee\u021bi pun\u0103 \u00een valoare \u00eenc\u0103perea.<\/p>\n\n\n\n<p>Un perete accent poate fi ob\u021binut prin utilizarea <a href=\"https:\/\/xtdeco.ro\/fototapet\"><strong>fototapetului<\/strong><\/a> sau a <a href=\"https:\/\/xtdeco.ro\/panouri-decorative\"><strong>panourilor decorative<\/strong><\/a>. Dac\u0103 preferi un aspect unitar al \u00eenc\u0103perii, po\u021bi utiliza panourile decorative din lemn, care s\u0103 p\u0103streze aceea\u0219i linie cromatic\u0103 pe care o ai la mobilier. Textura, \u00eens\u0103, va fi diferit\u0103, iar aceste panouri au modele cu adev\u0103rat speciale, a\u0219a cum se vede \u00een imaginea al\u0103turat\u0103, unde avem panouri din lemn de stejar.<\/p>\n\n\n\n<figure class=\"wp-block-image size-large\"><img loading=\"lazy\" width=\"1024\" height=\"1024\" src=\"https:\/\/xtdeco.ro\/blog\/wp-content\/uploads\/2020\/11\/culori-living-panouri-decorative-lemn-stejar-1024x1024.jpg\" alt=\"Perete cu panouri decorative din lemn de stejar intr-un living cu masa si scaune si rafturi din lemn cu flori decorative\" class=\"wp-image-5840\" srcset=\"https:\/\/xtdeco.ro\/blog\/wp-content\/uploads\/2020\/11\/culori-living-panouri-decorative-lemn-stejar-1024x1024.jpg 1024w, https:\/\/xtdeco.ro\/blog\/wp-content\/uploads\/2020\/11\/culori-living-panouri-decorative-lemn-stejar-300x300.jpg 300w, https:\/\/xtdeco.ro\/blog\/wp-content\/uploads\/2020\/11\/culori-living-panouri-decorative-lemn-stejar-150x150.jpg 150w, https:\/\/xtdeco.ro\/blog\/wp-content\/uploads\/2020\/11\/culori-living-panouri-decorative-lemn-stejar-768x768.jpg 768w, https:\/\/xtdeco.ro\/blog\/wp-content\/uploads\/2020\/11\/culori-living-panouri-decorative-lemn-stejar-500x500.jpg 500w, https:\/\/xtdeco.ro\/blog\/wp-content\/uploads\/2020\/11\/culori-living-panouri-decorative-lemn-stejar-400x400.jpg 400w, https:\/\/xtdeco.ro\/blog\/wp-content\/uploads\/2020\/11\/culori-living-panouri-decorative-lemn-stejar-100x100.jpg 100w, https:\/\/xtdeco.ro\/blog\/wp-content\/uploads\/2020\/11\/culori-living-panouri-decorative-lemn-stejar.jpg 1200w\" sizes=\"(max-width: 1024px) 100vw, 1024px\" \/><figcaption><a href=\"https:\/\/xtdeco.ro\/panouri-decorative\/panouri-decorative-lemn-masiv\/panouri-decorative-din-lemn-de-stejar-brick-elegance\"><strong><em>Panouri decorative din lemn de stejar Brick Elegance<\/em><\/strong><\/a><em>, ideale pentru un perete accent \u00een orice living<\/em><\/figcaption><\/figure>\n\n\n\n<p>Albul merge de minune \u00eentr-un living cu mobil\u0103 \u00een nuan\u021be neutre, cu condi\u021bia s\u0103 nu exagerezi &#8211; prea mult alb poate crea o senza\u021bie de rece \u0219i neprimitor. \u00cens\u0103, dac\u0103 ai deja \u00een camer\u0103 tapet care introduce culoare, po\u021bi crea un perete accent din panouri decorative 3D, albe. Efectul va fi spectaculos.<\/p>\n\n\n\n<figure class=\"wp-block-image size-large\"><img loading=\"lazy\" width=\"1024\" height=\"1024\" src=\"https:\/\/xtdeco.ro\/blog\/wp-content\/uploads\/2020\/11\/culori-living-panouri-decorative-3D-ventura-1024x1024.jpg\" alt=\"Perete cu profile decorative 3D albe langa o comoda din lemn cu lumanari, avs cu planta decorative si ornament din piatra\" class=\"wp-image-5841\" srcset=\"https:\/\/xtdeco.ro\/blog\/wp-content\/uploads\/2020\/11\/culori-living-panouri-decorative-3D-ventura-1024x1024.jpg 1024w, https:\/\/xtdeco.ro\/blog\/wp-content\/uploads\/2020\/11\/culori-living-panouri-decorative-3D-ventura-300x300.jpg 300w, https:\/\/xtdeco.ro\/blog\/wp-content\/uploads\/2020\/11\/culori-living-panouri-decorative-3D-ventura-150x150.jpg 150w, https:\/\/xtdeco.ro\/blog\/wp-content\/uploads\/2020\/11\/culori-living-panouri-decorative-3D-ventura-768x768.jpg 768w, https:\/\/xtdeco.ro\/blog\/wp-content\/uploads\/2020\/11\/culori-living-panouri-decorative-3D-ventura-500x500.jpg 500w, https:\/\/xtdeco.ro\/blog\/wp-content\/uploads\/2020\/11\/culori-living-panouri-decorative-3D-ventura-400x400.jpg 400w, https:\/\/xtdeco.ro\/blog\/wp-content\/uploads\/2020\/11\/culori-living-panouri-decorative-3D-ventura-100x100.jpg 100w, https:\/\/xtdeco.ro\/blog\/wp-content\/uploads\/2020\/11\/culori-living-panouri-decorative-3D-ventura.jpg 1200w\" sizes=\"(max-width: 1024px) 100vw, 1024px\" \/><figcaption><a href=\"https:\/\/xtdeco.ro\/panouri-decorative\/panouri-trestie-de-zahar\/panouri-decorative-3d-ventura-wallart-12-placi-50x50cm\"><strong><em>Panouri decorative 3D Ventura<\/em><\/strong><\/a><em>, perfecte pentru un singur perete\u00a0 accent sau pentru a acoperi o suprafa\u021b\u0103 mai mare \u00een living<\/em><\/figcaption><\/figure>\n\n\n\n<p>Dac\u0103 \u00ee\u021bi dore\u0219ti ceva cu adev\u0103rat spectaculos, alege un fototapet. Pentru un perete accent dintr-un living cu mobil\u0103 \u00een nuan\u021be p\u0103m\u00e2ntii po\u021bi s\u0103 utilizezi cam orice culoare &#8211; trebuie doar s\u0103 alegi ceva care este pe gustul t\u0103u.&nbsp;<\/p>\n\n\n\n<figure class=\"wp-block-image size-large\"><img loading=\"lazy\" width=\"1024\" height=\"1024\" src=\"https:\/\/xtdeco.ro\/blog\/wp-content\/uploads\/2020\/11\/culori-living-fototapet-perennials-evening-1024x1024.jpg\" alt=\"Perete cu fototapet cu flori colorate, in fata caruia se afla un scaun si o masa cu obiecte decorative\" class=\"wp-image-5842\" srcset=\"https:\/\/xtdeco.ro\/blog\/wp-content\/uploads\/2020\/11\/culori-living-fototapet-perennials-evening-1024x1024.jpg 1024w, https:\/\/xtdeco.ro\/blog\/wp-content\/uploads\/2020\/11\/culori-living-fototapet-perennials-evening-300x300.jpg 300w, https:\/\/xtdeco.ro\/blog\/wp-content\/uploads\/2020\/11\/culori-living-fototapet-perennials-evening-150x150.jpg 150w, https:\/\/xtdeco.ro\/blog\/wp-content\/uploads\/2020\/11\/culori-living-fototapet-perennials-evening-768x768.jpg 768w, https:\/\/xtdeco.ro\/blog\/wp-content\/uploads\/2020\/11\/culori-living-fototapet-perennials-evening-500x500.jpg 500w, https:\/\/xtdeco.ro\/blog\/wp-content\/uploads\/2020\/11\/culori-living-fototapet-perennials-evening-400x400.jpg 400w, https:\/\/xtdeco.ro\/blog\/wp-content\/uploads\/2020\/11\/culori-living-fototapet-perennials-evening-100x100.jpg 100w, https:\/\/xtdeco.ro\/blog\/wp-content\/uploads\/2020\/11\/culori-living-fototapet-perennials-evening.jpg 1200w\" sizes=\"(max-width: 1024px) 100vw, 1024px\" \/><figcaption><a href=\"https:\/\/xtdeco.ro\/fototapet\/abstract-graphic\/fototapet-perennials-evening-personalizat-rebel-walls\"><strong><em>Fototapet Perennials Evening<\/em><\/strong><\/a><em>, care combin\u0103 mai multe culori \u00een imprimeuri florale spectaculoase<\/em><\/figcaption><\/figure>\n\n\n\n<h2 id=\"mobila-in-culori-neutre-nu-va-iesi-niciodata-din-trend-4-idei-de-piese-de-mobilier-care-vor-arata-spectaculos-in-livingul-tau\">Mobila \u00een culori neutre nu va ie\u0219i niciodat\u0103 din trend. 4 idei de piese de mobilier care vor ar\u0103ta spectaculos \u00een livingul t\u0103u<\/h2>\n\n\n\n<p>Dac\u0103 ai ales pentru living <a href=\"https:\/\/xtdeco.ro\/mobilier\"><strong>mobil\u0103<\/strong><\/a> \u00een nuan\u021be neutre ai siguran\u021ba c\u0103 aceasta va fi mereu la mod\u0103, iar acesta este un aspect foarte important \u00een economia casei tale.<\/p>\n\n\n\n<p>\u00cen continuare \u00ee\u021bi vom prezenta c\u00e2teva piese care se vor \u00eencadra perfect \u00eentr-un living modern.&nbsp;<\/p>\n\n\n\n<p><a href=\"https:\/\/xtdeco.ro\/mobilier\/biblioteci\"><strong>Biblioteca<\/strong><\/a><strong> <\/strong>Kelvin poate fi \u00eencadrat\u0103 \u00een orice parte a livingului datorit\u0103 dimensiunilor. Mobilierul mare este dep\u0103\u0219it, iar piesele mici pot fi amplasate acolo unde sim\u021bi nevoia, f\u0103r\u0103 a strica echilibrul \u00eenc\u0103perii.<\/p>\n\n\n\n<figure class=\"wp-block-image size-large\"><img loading=\"lazy\" width=\"1024\" height=\"1024\" src=\"https:\/\/xtdeco.ro\/blog\/wp-content\/uploads\/2020\/11\/culori-living-biblioteca-kelvin-1024x1024.jpg\" alt=\"Biblioteca cu carti si obiecte decorative intr-un living cu canapea si o planta\" class=\"wp-image-5843\" srcset=\"https:\/\/xtdeco.ro\/blog\/wp-content\/uploads\/2020\/11\/culori-living-biblioteca-kelvin-1024x1024.jpg 1024w, https:\/\/xtdeco.ro\/blog\/wp-content\/uploads\/2020\/11\/culori-living-biblioteca-kelvin-300x300.jpg 300w, https:\/\/xtdeco.ro\/blog\/wp-content\/uploads\/2020\/11\/culori-living-biblioteca-kelvin-150x150.jpg 150w, https:\/\/xtdeco.ro\/blog\/wp-content\/uploads\/2020\/11\/culori-living-biblioteca-kelvin-768x768.jpg 768w, https:\/\/xtdeco.ro\/blog\/wp-content\/uploads\/2020\/11\/culori-living-biblioteca-kelvin-500x500.jpg 500w, https:\/\/xtdeco.ro\/blog\/wp-content\/uploads\/2020\/11\/culori-living-biblioteca-kelvin-400x400.jpg 400w, https:\/\/xtdeco.ro\/blog\/wp-content\/uploads\/2020\/11\/culori-living-biblioteca-kelvin-100x100.jpg 100w, https:\/\/xtdeco.ro\/blog\/wp-content\/uploads\/2020\/11\/culori-living-biblioteca-kelvin.jpg 1200w\" sizes=\"(max-width: 1024px) 100vw, 1024px\" \/><figcaption><a href=\"https:\/\/xtdeco.ro\/mobilier\/biblioteci\/bibliotec%C4%83-kelvin-din-pal-melaminat\"><strong><em>Bibliotec\u0103 Kelvin<\/em><\/strong><\/a><em>, din pal melaminat, simpl\u0103, care poate fi instalat\u0103 \u0219i \u00een col\u021bul livingului<\/em><\/figcaption><\/figure>\n\n\n\n<p>O <a href=\"https:\/\/xtdeco.ro\/mobilier\/comode-pentru-haine\"><strong>comod\u0103<\/strong><\/a> va fi extrem de util\u0103 \u00eentr-un living, pentru c\u0103 \u00ee\u021bi va oferi spa\u021biu de depozitate pentru obiecte pe care vrei s\u0103 le ascunzi sau chiar haine. Comoda Planet are 5 sertare \u0219i ofer\u0103 un spa\u021biu generos.<\/p>\n\n\n\n<figure class=\"wp-block-image size-large\"><img loading=\"lazy\" width=\"1024\" height=\"1024\" src=\"https:\/\/xtdeco.ro\/blog\/wp-content\/uploads\/2020\/11\/culori-living-comoda-planet-1024x1024.jpg\" alt=\"Comoda cu 5 sertare pe care se afla un ceas si un obiect decorativ care reprezinta un caine, intr-un living cu fotoliu\" class=\"wp-image-5844\" srcset=\"https:\/\/xtdeco.ro\/blog\/wp-content\/uploads\/2020\/11\/culori-living-comoda-planet-1024x1024.jpg 1024w, https:\/\/xtdeco.ro\/blog\/wp-content\/uploads\/2020\/11\/culori-living-comoda-planet-300x300.jpg 300w, https:\/\/xtdeco.ro\/blog\/wp-content\/uploads\/2020\/11\/culori-living-comoda-planet-150x150.jpg 150w, https:\/\/xtdeco.ro\/blog\/wp-content\/uploads\/2020\/11\/culori-living-comoda-planet-768x768.jpg 768w, https:\/\/xtdeco.ro\/blog\/wp-content\/uploads\/2020\/11\/culori-living-comoda-planet-500x500.jpg 500w, https:\/\/xtdeco.ro\/blog\/wp-content\/uploads\/2020\/11\/culori-living-comoda-planet-400x400.jpg 400w, https:\/\/xtdeco.ro\/blog\/wp-content\/uploads\/2020\/11\/culori-living-comoda-planet-100x100.jpg 100w, https:\/\/xtdeco.ro\/blog\/wp-content\/uploads\/2020\/11\/culori-living-comoda-planet.jpg 1200w\" sizes=\"(max-width: 1024px) 100vw, 1024px\" \/><figcaption><a href=\"https:\/\/xtdeco.ro\/mobilier\/comode-pentru-haine\/comod%C4%83-planet-din-pal-melaminat-cu-picioare-de-metal\"><strong><em>Comod\u0103 Planet<\/em><\/strong><\/a><em>, cu 5 sertare, care ofer\u0103 un spa\u021biu generos de depozitare pentru haine sau alte obiecte<\/em><\/figcaption><\/figure>\n\n\n\n<p>\u00centr-un living trebuie neap\u0103rat s\u0103 ai o <a href=\"https:\/\/xtdeco.ro\/mobilier\/comode-tv\"><strong>comod\u0103 TV<\/strong><\/a>. Alege una care s\u0103 \u00ee\u021bi ofere \u0219i loc de depozitare.<\/p>\n\n\n\n<figure class=\"wp-block-image size-large\"><img loading=\"lazy\" width=\"1024\" height=\"1024\" src=\"https:\/\/xtdeco.ro\/blog\/wp-content\/uploads\/2020\/11\/culori-living-comoda-tv-tilsim-1024x1024.jpg\" alt=\"Comoda pe care se afla un televizor si obiecte decorative\" class=\"wp-image-5845\" srcset=\"https:\/\/xtdeco.ro\/blog\/wp-content\/uploads\/2020\/11\/culori-living-comoda-tv-tilsim-1024x1024.jpg 1024w, https:\/\/xtdeco.ro\/blog\/wp-content\/uploads\/2020\/11\/culori-living-comoda-tv-tilsim-300x300.jpg 300w, https:\/\/xtdeco.ro\/blog\/wp-content\/uploads\/2020\/11\/culori-living-comoda-tv-tilsim-150x150.jpg 150w, https:\/\/xtdeco.ro\/blog\/wp-content\/uploads\/2020\/11\/culori-living-comoda-tv-tilsim-768x768.jpg 768w, https:\/\/xtdeco.ro\/blog\/wp-content\/uploads\/2020\/11\/culori-living-comoda-tv-tilsim-500x500.jpg 500w, https:\/\/xtdeco.ro\/blog\/wp-content\/uploads\/2020\/11\/culori-living-comoda-tv-tilsim-400x400.jpg 400w, https:\/\/xtdeco.ro\/blog\/wp-content\/uploads\/2020\/11\/culori-living-comoda-tv-tilsim-100x100.jpg 100w, https:\/\/xtdeco.ro\/blog\/wp-content\/uploads\/2020\/11\/culori-living-comoda-tv-tilsim.jpg 1200w\" sizes=\"(max-width: 1024px) 100vw, 1024px\" \/><figcaption><a href=\"https:\/\/xtdeco.ro\/mobilier\/comode-tv\/comod%C4%83-tv-180-t%C4%B1ls%C4%B1m-din-pal-melaminat-cu-picioare-metalice\"><strong><em>Comod\u0103 TV Tilsim<\/em><\/strong><\/a><em>, cu trei sertare, din pal melaminat \u0219i picioare metalice<\/em><\/figcaption><\/figure>\n\n\n\n<p>Evident, <a href=\"https:\/\/xtdeco.ro\/mobilier\/mese-cafea\"><strong>m\u0103su\u021ba de cafea<\/strong><\/a> este o pies\u0103 esen\u021bial\u0103 \u00eentr-un living. Masa Geise are un design simplu, care se va potrivi \u00een orice living, indiferent de stilul de design ales.<\/p>\n\n\n\n<figure class=\"wp-block-image size-large\"><img loading=\"lazy\" width=\"1024\" height=\"1024\" src=\"https:\/\/xtdeco.ro\/blog\/wp-content\/uploads\/2020\/11\/culori-living-masuta-cafea-geise-1024x1024.jpg\" alt=\"Masa de cafea pe care se afla carti si un obiect decorativ, intr-un living cu canapea si comoda\" class=\"wp-image-5846\" srcset=\"https:\/\/xtdeco.ro\/blog\/wp-content\/uploads\/2020\/11\/culori-living-masuta-cafea-geise-1024x1024.jpg 1024w, https:\/\/xtdeco.ro\/blog\/wp-content\/uploads\/2020\/11\/culori-living-masuta-cafea-geise-300x300.jpg 300w, https:\/\/xtdeco.ro\/blog\/wp-content\/uploads\/2020\/11\/culori-living-masuta-cafea-geise-150x150.jpg 150w, https:\/\/xtdeco.ro\/blog\/wp-content\/uploads\/2020\/11\/culori-living-masuta-cafea-geise-768x768.jpg 768w, https:\/\/xtdeco.ro\/blog\/wp-content\/uploads\/2020\/11\/culori-living-masuta-cafea-geise-500x500.jpg 500w, https:\/\/xtdeco.ro\/blog\/wp-content\/uploads\/2020\/11\/culori-living-masuta-cafea-geise-400x400.jpg 400w, https:\/\/xtdeco.ro\/blog\/wp-content\/uploads\/2020\/11\/culori-living-masuta-cafea-geise-100x100.jpg 100w, https:\/\/xtdeco.ro\/blog\/wp-content\/uploads\/2020\/11\/culori-living-masuta-cafea-geise.jpg 1200w\" sizes=\"(max-width: 1024px) 100vw, 1024px\" \/><figcaption><a href=\"https:\/\/xtdeco.ro\/mobilier\/mese-cafea\/m%C4%83su%C8%9B%C4%83-de-cafea-geise-negru-crom-auriu\"><strong><em>M\u0103su\u021b\u0103 de cafea Geise<\/em><\/strong><\/a><em>, din sticl\u0103 \u0219i metal, disponibile la XT Deco \u00een diverse combina\u021bii de culori<\/em><\/figcaption><\/figure>\n\n\n\n<p>Concluzia este c\u0103 un mobilier \u00een nuan\u021be neutre este cea mai bun\u0103 alegere pe care po\u021bi s\u0103 o faci. \u00cen primul r\u00e2nd \u00ee\u021bi ofer\u0103 posibilitatea s\u0103 alegi pentru decor o gam\u0103 variat\u0103 de culori,iar apoi ai siguran\u021ba c\u0103 va fi mereu la mod\u0103.<\/p>\n\n\n\n<p><em>Foto: XT Deco, Pexels<\/em><\/p>\n","protected":false},"excerpt":{"rendered":"<p>Mobila de living \u00een nuan\u021be neutre este alegerea pe care o fac cei mai mul\u021bi dintre noi atunci c\u00e2nd se ajunge la capitolul \u201eamenajare\u201d sau \u201ereamenajare\u201d. \u0218i p\u00e2n\u0103 la urm\u0103 este decizia cea mai bun\u0103 din mai multe considerente: mobila \u00een culori neutre poate fi integrat\u0103 \u00een orice decor, \u201easortat\u0103\u201d cu o palet\u0103 variat\u0103 de culori pe care le vrei \u00een living, astfel c\u0103 vei putea s\u0103 r\u0103m\u00e2i cu ea \u00een cas\u0103 mul\u021bi ani \u0219i va r\u0103m\u00e2ne mereu la mod\u0103, iar bugetul t\u0103u este \u00een siguran\u021b\u0103. \u00cens\u0103 un living decorat \u00een totalitate \u00een nuan\u021be neutre va p\u0103rea tern \u0219i plictisitor, [&hellip;]<\/p>\n","protected":false},"author":1,"featured_media":5836,"comment_status":"open","ping_status":"open","sticky":false,"template":"","format":"standard","meta":[],"categories":[55,44,38],"tags":[200,242,95,280],"_links":{"self":[{"href":"https:\/\/xtdeco.ro\/blog\/wp-json\/wp\/v2\/posts\/5835"}],"collection":[{"href":"https:\/\/xtdeco.ro\/blog\/wp-json\/wp\/v2\/posts"}],"about":[{"href":"https:\/\/xtdeco.ro\/blog\/wp-json\/wp\/v2\/types\/post"}],"author":[{"embeddable":true,"href":"https:\/\/xtdeco.ro\/blog\/wp-json\/wp\/v2\/users\/1"}],"replies":[{"embeddable":true,"href":"https:\/\/xtdeco.ro\/blog\/wp-json\/wp\/v2\/comments?post=5835"}],"version-history":[{"count":1,"href":"https:\/\/xtdeco.ro\/blog\/wp-json\/wp\/v2\/posts\/5835\/revisions"}],"predecessor-version":[{"id":5847,"href":"https:\/\/xtdeco.ro\/blog\/wp-json\/wp\/v2\/posts\/5835\/revisions\/5847"}],"wp:featuredmedia":[{"embeddable":true,"href":"https:\/\/xtdeco.ro\/blog\/wp-json\/wp\/v2\/media\/5836"}],"wp:attachment":[{"href":"https:\/\/xtdeco.ro\/blog\/wp-json\/wp\/v2\/media?parent=5835"}],"wp:term":[{"taxonomy":"category","embeddable":true,"href":"https:\/\/xtdeco.ro\/blog\/wp-json\/wp\/v2\/categories?post=5835"},{"taxonomy":"post_tag","embeddable":true,"href":"https:\/\/xtdeco.ro\/blog\/wp-json\/wp\/v2\/tags?post=5835"}],"curies":[{"name":"wp","href":"https:\/\/api.w.org\/{rel}","templated":true}]}}